{"id":1525,"date":"2023-06-23T18:05:23","date_gmt":"2023-06-23T16:05:23","guid":{"rendered":"http:\/\/biblioteka2.powiatlubaczowski.pl\/?p=1525"},"modified":"2023-07-01T08:06:35","modified_gmt":"2023-07-01T06:06:35","slug":"wakacje-czas-zaczac","status":"publish","type":"post","link":"http:\/\/biblioteka2.powiatlubaczowski.pl\/index.php\/2023\/06\/23\/wakacje-czas-zaczac\/","title":{"rendered":"Wakacje czas zacz\u0105\u0107! \u26f1"},"content":{"rendered":"<p style=\"text-align: center;\"><span class=\"x193iq5w xeuugli x13faqbe x1vvkbs x1xmvt09 x1lliihq x1s928wv xhkezso x1gmr53x x1cpjm7i x1fgarty x1943h6x xudqn12 x3x7a5m x6prxxf xvq8zen xo1l8bm xzsf02u\" dir=\"auto\">Wakacje czas zacz\u0105\u0107! <span class=\"x3nfvp2 x1j61x8r x1fcty0u xdj266r xhhsvwb xat24cr xgzva0m xxymvpz xlup9mm x1kky2od\"><img loading=\"lazy\" decoding=\"async\" src=\"https:\/\/static.xx.fbcdn.net\/images\/emoji.php\/v9\/t78\/1\/16\/26f1.png\" alt=\"\u26f1\" width=\"16\" height=\"16\" \/><\/span><br \/>\nOd poniedzia\u0142ku nasza biblioteka b\u0119dzie otwarta od 7:00 do 15:00.<br \/>\nZapraszamy! <span class=\"x3nfvp2 x1j61x8r x1fcty0u xdj266r xhhsvwb xat24cr xgzva0m xxymvpz xlup9mm x1kky2od\"><img loading=\"lazy\" decoding=\"async\" src=\"https:\/\/static.xx.fbcdn.net\/images\/emoji.php\/v9\/tb7\/1\/16\/23f3.png\" alt=\"\u23f3\" width=\"16\" height=\"16\" \/><\/span><\/span><\/p>\n<p><img loading=\"lazy\" decoding=\"async\" class=\"aligncenter wp-image-1526 size-full\" src=\"http:\/\/biblioteka2.powiatlubaczowski.pl\/wp-content\/uploads\/2023\/07\/wakacje_czas_zaczac_PBP-Lubaczow.jpg\" alt=\"\" width=\"940\" height=\"788\" srcset=\"http:\/\/biblioteka2.powiatlubaczowski.pl\/wp-content\/uploads\/2023\/07\/wakacje_czas_zaczac_PBP-Lubaczow.jpg 940w, http:\/\/biblioteka2.powiatlubaczowski.pl\/wp-content\/uploads\/2023\/07\/wakacje_czas_zaczac_PBP-Lubaczow-768x644.jpg 768w\" sizes=\"auto, (max-width: 940px) 100vw, 940px\" \/><\/p>\n","protected":false},"excerpt":{"rendered":"<p>Wakacje czas zacz\u0105\u0107! Od poniedzia\u0142ku nasza biblioteka b\u0119dzie otwarta od 7:00 do 15:00. Zapraszamy!<\/p>\n","protected":false},"author":1,"featured_media":1530,"comment_status":"closed","ping_status":"closed","sticky":false,"template":"","format":"standard","meta":{"footnotes":""},"categories":[1],"tags":[],"class_list":["post-1525","post","type-post","status-publish","format-standard","has-post-thumbnail","hentry","category-biblioteka"],"_links":{"self":[{"href":"http:\/\/biblioteka2.powiatlubaczowski.pl\/index.php\/wp-json\/wp\/v2\/posts\/1525","targetHints":{"allow":["GET"]}}],"collection":[{"href":"http:\/\/biblioteka2.powiatlubaczowski.pl\/index.php\/wp-json\/wp\/v2\/posts"}],"about":[{"href":"http:\/\/biblioteka2.powiatlubaczowski.pl\/index.php\/wp-json\/wp\/v2\/types\/post"}],"author":[{"embeddable":true,"href":"http:\/\/biblioteka2.powiatlubaczowski.pl\/index.php\/wp-json\/wp\/v2\/users\/1"}],"replies":[{"embeddable":true,"href":"http:\/\/biblioteka2.powiatlubaczowski.pl\/index.php\/wp-json\/wp\/v2\/comments?post=1525"}],"version-history":[{"count":2,"href":"http:\/\/biblioteka2.powiatlubaczowski.pl\/index.php\/wp-json\/wp\/v2\/posts\/1525\/revisions"}],"predecessor-version":[{"id":1529,"href":"http:\/\/biblioteka2.powiatlubaczowski.pl\/index.php\/wp-json\/wp\/v2\/posts\/1525\/revisions\/1529"}],"wp:featuredmedia":[{"embeddable":true,"href":"http:\/\/biblioteka2.powiatlubaczowski.pl\/index.php\/wp-json\/wp\/v2\/media\/1530"}],"wp:attachment":[{"href":"http:\/\/biblioteka2.powiatlubaczowski.pl\/index.php\/wp-json\/wp\/v2\/media?parent=1525"}],"wp:term":[{"taxonomy":"category","embeddable":true,"href":"http:\/\/biblioteka2.powiatlubaczowski.pl\/index.php\/wp-json\/wp\/v2\/categories?post=1525"},{"taxonomy":"post_tag","embeddable":true,"href":"http:\/\/biblioteka2.powiatlubaczowski.pl\/index.php\/wp-json\/wp\/v2\/tags?post=1525"}],"curies":[{"name":"wp","href":"https:\/\/api.w.org\/{rel}","templated":true}]}}