{"id":1308,"date":"2021-07-26T12:16:05","date_gmt":"2021-07-26T10:16:05","guid":{"rendered":"http:\/\/biblioteka2.powiatlubaczowski.pl\/?p=1308"},"modified":"2021-07-30T09:04:47","modified_gmt":"2021-07-30T07:04:47","slug":"wspomnienia-o-wakacjach-w-bibliotece","status":"publish","type":"post","link":"http:\/\/biblioteka2.powiatlubaczowski.pl\/index.php\/2021\/07\/26\/wspomnienia-o-wakacjach-w-bibliotece\/","title":{"rendered":"Wspomnienia o wakacjach w bibliotece"},"content":{"rendered":"<p><strong>Wyczekane, upragnione, wype\u0142nione beztrosk\u0105 zabaw\u0105 i nowymi przyja\u017aniami wakacje to\u00a0niezwyk\u0142y czas, gdzie za\u00a0ka\u017cdym rogiem mog\u0105 czeka\u0107 na\u00a0nas fascynuj\u0105ce przygody. Lato w Powiatowej Bibliotece Publicznej w Lubaczowie nabra\u0142o wyj\u0105tkowych barw&#8230; a to za spraw\u0105 zaj\u0119\u0107 w ramach &#8222;WAKACJI W BIBLIOTECE&#8221;. O nudzie w Bibliotece mowy by\u0107 nie mog\u0142o! Atrakcji by\u0142o co nie miara, czego dowodem by\u0142y u\u015bmiechni\u0119te twarze\u00a0 wszystkich uczestnik\u00f3w.<\/strong><\/p>\n<p>Przez dwa tygodnie (od 12 \u00a0do 23 lipca br.) codziennie odbywa\u0142y si\u0119 bezp\u0142atne, dwugodzinne kreatywne zaj\u0119cia dla najm\u0142odszych czytelnik\u00f3w Powiatowej Biblioteki Publicznej w Lubaczowie. Dzi\u0119ki ich r\u00f3\u017cnorodno\u015bci uczestnicy mogli rozwija\u0107 swoj\u0105 wyobra\u017ani\u0119 i\u00a0sprawno\u015b\u0107 manualn\u0105, a wsp\u00f3lne zabawy\u00a0i praca w grupie pozwoli\u0142y im si\u0119 zintegrowa\u0107 oraz podzieli\u0107 wiedz\u0105 i zdolno\u015bciami.<\/p>\n<p>W pierwszym dniu zaj\u0119\u0107 uczestnicy zapoznali si\u0119 z dzia\u0142alno\u015bci\u0105 biblioteki, dowiedzieli si\u0119 w jaki spos\u00f3b mo\u017cna do niej si\u0119 zapisa\u0107 i jak korzysta\u0107 z jej zasob\u00f3w. Wsp\u00f3lnie zastanawiano si\u0119, czy i dlaczego warto korzysta\u0107 z bibliotek. Prze\u015bledzono r\u00f3wnie\u017c etapy powstawania ksi\u0105\u017cki, od pracowni pisarza, ilustratora, po wydawnictwo, drukarni\u0119, introligatorni\u0119 i ksi\u0119garni\u0119. Podczas zaj\u0119\u0107 powsta\u0142a autorska ksi\u0105\u017cka z opracowanym przez dzieci scenariuszem i ilustracjami. Drugi dzie\u0144 przebieg\u0142 pod znakiem \u201esportowych wygibus\u00f3w\u201d, zatem w ruch posz\u0142y pi\u0142ki, skakanki, rakietki itp. Dzieci wykaza\u0142y si\u0119 nie tylko kreatywno\u015bci\u0105 ale i t\u0119\u017cyzn\u0105 fizyczn\u0105 a najwi\u0119kszym wyzwaniem okaza\u0142 si\u0119 \u201ebieg w p\u0142etwach\u201d. W \u015brod\u0119 (14.07) uczestnicy ubierali si\u0119 w ksi\u0105\u017cki &#8211; tworzyli \u201esleeveface\u201d. Czwartkowe zaj\u0119cia odby\u0142y si\u0119 pod has\u0142em \u201eBezpiecze\u0144stwo podczas wakacji\u201d. Bibliotek\u0119 odwiedzi\u0142a Pani Policjantka, kt\u00f3ra przypomnia\u0142a dzieciom zasady bezpiecznego zachowania si\u0119 podczas letniego wypoczynku. Przy pomocy ALKOgogli mo\u017cna by\u0142o si\u0119 przekona\u0107, jak alkohol zaburza percepcj\u0119 i upo\u015bledza zmys\u0142y. Pierwszy tydzie\u0144 zaj\u0119\u0107 wakacyjnych zako\u0144czono nauk\u0105 podstaw j\u0119zyka migowego. Dzieci pozna\u0142y alfabet PJM, liczebniki, \u00a0nauczy\u0142y si\u0119 przedstawia\u0107 oraz nazywa\u0107 cz\u0142onk\u00f3w rodziny.<\/p>\n<p>Dobrych gier logicznych i s\u0142ownych nigdy za wiele, dlatego kolejny tydzie\u0144 &#8222;Wakacji w Bibliotece&#8221; rozpocz\u0119to od turnieju gier, a w\u015br\u00f3d nich m.in. &#8222;Plaster miodu&#8221;, &#8222;Muszka&#8221; czy te\u017c stare, dobre &#8222;Pa\u0144stwa &#8211; miasta&#8221;. Uczestnicy mieli mo\u017cliwo\u015b\u0107 wykazania si\u0119 swoimi umiej\u0119tno\u015bciami logicznego my\u015blenia, jak i pracy zespo\u0142owej. Nast\u0119pnego dnia na tapet\u0119 wzi\u0119to papierowy teatr czyli Kamishibai. To tradycyjna japo\u0144ska sztuka opowiadania historii za pomoc\u0105 ilustracji. Dzieci zamkn\u0119\u0142y teatr w pude\u0142ku, stworzy\u0142y &#8222;magiczn\u0105 skrzynk\u0119&#8221; oraz ilustracje. By\u0142o weso\u0142o, kreatywnie i przede wszystkim tw\u00f3rczo. \u015arodowe warsztaty to owocowy zawr\u00f3t g\u0142owy. W tym dniu najm\u0142odsi czytelnicy mogli popisa\u0107 si\u0119 swoimi umiej\u0119tno\u015bciami kulinarnymi. Sprawne r\u0105czki m\u0142odych kucharzy kroi\u0142y owoce na drobne kawa\u0142ki, kt\u00f3re p\u00f3\u017aniej w magiczny spos\u00f3b \u0142\u0105czy\u0142y ze sob\u0105 w celu uzyskania wytwornego smaku. Tym sposobem przygotowano owocowe szasz\u0142yki i przepyszn\u0105 zup\u0119 owocow\u0105. W kolejnym dniu w dziale z ksi\u0105\u017ckami dla dzieci zagin\u0119\u0142a ksi\u0105\u017cka. Uczestnicy wcielili si\u0119 w role detektyw\u00f3w i przeprowadzili w bibliotece \u015bledztwo w ramach bibliotecznego Escape Room\u2019u. Rozwi\u0105zuj\u0105c i odnajduj\u0105c kolejne zagadki ukryte w r\u00f3\u017cnych cz\u0119\u015bciach biblioteki, zlokalizowali zaginion\u0105 ksi\u0105\u017ck\u0119. Na zako\u0144czenie zaj\u0119\u0107, czytelnia zmieni\u0142a si\u0119 w sal\u0119 kinow\u0105. Uczestnicy wygodnie u\u0142o\u017ceni na kocykach, przegryzaj\u0105c smako\u0142yki obejrzeli film z zasob\u00f3w mediateki Powiatowej Biblioteki Publicznej.<\/p>\n<p>Zaj\u0119cia wakacyjne zorganizowane w PBP Lubacz\u00f3w mia\u0142y na celu rozbudzenie potrzeb czytelniczych m\u0142odych u\u017cytkownik\u00f3w biblioteki oraz rozwijanie ich wyobra\u017ani. Dzi\u0119ki przygotowanej przez bibliotekarzy ofercie, dzieci sp\u0119dzaj\u0105ce wakacje w domu, mog\u0142y wype\u0142ni\u0107 sw\u00f3j wolny czas tw\u00f3rcz\u0105 i jednocze\u015bnie przyjemn\u0105, weso\u0142\u0105 zabaw\u0105. Ponadto, po\u015brednim celem spotka\u0144 w ramach \u201eWakacji w bibliotece\u201d by\u0142o odci\u0105gni\u0119cie m\u0142odych ludzi od telewizor\u00f3w i komputer\u00f3w i\u00a0pokazanie im jak wiele jest interesuj\u0105cych sposob\u00f3w sp\u0119dzania wolnego czasu. Zaj\u0119cia te, po raz kolejny potwierdzi\u0142y, \u017ce Biblioteka nie jest cichym i nudnym miejscem.<\/p>\n<p>\u201eWakacje w bibliotece\u201d przesz\u0142y\u00a0ju\u017c do historii jednak b\u0119dziemy je jeszcze d\u0142ugo wspomina\u0107, wracaj\u0105c my\u015blami do tego, co by\u0142o jeszcze nie tak dawno. Z niecierpliwo\u015bci\u0105 czekamy na kolejne okazje do wsp\u00f3lnych spotka\u0144, nauki i zabawy. Dzi\u0119kujemy dzieciom, rodzicom i wszystkim osobom, kt\u00f3re w\u0142\u0105czy\u0142y si\u0119 w organizacj\u0119 wakacyjnych zaj\u0119\u0107.<\/p>\n<div id='gallery-1' class='gallery galleryid-1308 gallery-columns-3 gallery-size-colormag-featured-image'><figure class='gallery-item'>\n\t\t\t<div class='gallery-icon portrait'>\n\t\t\t\t<a href='http:\/\/biblioteka2.powiatlubaczowski.pl\/wp-content\/uploads\/2021\/07\/1b.jpg'><img loading=\"lazy\" decoding=\"async\" width=\"334\" height=\"445\" src=\"http:\/\/biblioteka2.powiatlubaczowski.pl\/wp-content\/uploads\/2021\/07\/1b.jpg\" class=\"attachment-colormag-featured-image size-colormag-featured-image\" alt=\"\" \/><\/a>\n\t\t\t<\/div><\/figure><figure class='gallery-item'>\n\t\t\t<div class='gallery-icon portrait'>\n\t\t\t\t<a href='http:\/\/biblioteka2.powiatlubaczowski.pl\/wp-content\/uploads\/2021\/07\/1a.jpg'><img loading=\"lazy\" decoding=\"async\" width=\"334\" height=\"445\" src=\"http:\/\/biblioteka2.powiatlubaczowski.pl\/wp-content\/uploads\/2021\/07\/1a.jpg\" class=\"attachment-colormag-featured-image size-colormag-featured-image\" alt=\"\" \/><\/a>\n\t\t\t<\/div><\/figure><figure class='gallery-item'>\n\t\t\t<div class='gallery-icon landscape'>\n\t\t\t\t<a href='http:\/\/biblioteka2.powiatlubaczowski.pl\/wp-content\/uploads\/2021\/07\/1c.jpg'><img loading=\"lazy\" decoding=\"async\" width=\"515\" height=\"445\" src=\"http:\/\/biblioteka2.powiatlubaczowski.pl\/wp-content\/uploads\/2021\/07\/1c.jpg\" class=\"attachment-colormag-featured-image size-colormag-featured-image\" alt=\"\" srcset=\"http:\/\/biblioteka2.powiatlubaczowski.pl\/wp-content\/uploads\/2021\/07\/1c.jpg 880w, http:\/\/biblioteka2.powiatlubaczowski.pl\/wp-content\/uploads\/2021\/07\/1c-768x663.jpg 768w\" sizes=\"auto, (max-width: 515px) 100vw, 515px\" \/><\/a>\n\t\t\t<\/div><\/figure><figure class='gallery-item'>\n\t\t\t<div class='gallery-icon portrait'>\n\t\t\t\t<a href='http:\/\/biblioteka2.powiatlubaczowski.pl\/wp-content\/uploads\/2021\/07\/1d.jpg'><img loading=\"lazy\" decoding=\"async\" width=\"334\" height=\"445\" src=\"http:\/\/biblioteka2.powiatlubaczowski.pl\/wp-content\/uploads\/2021\/07\/1d.jpg\" class=\"attachment-colormag-featured-image size-colormag-featured-image\" alt=\"\" \/><\/a>\n\t\t\t<\/div><\/figure><figure class='gallery-item'>\n\t\t\t<div class='gallery-icon portrait'>\n\t\t\t\t<a href='http:\/\/biblioteka2.powiatlubaczowski.pl\/wp-content\/uploads\/2021\/07\/1e.jpg'><img loading=\"lazy\" decoding=\"async\" width=\"334\" height=\"445\" src=\"http:\/\/biblioteka2.powiatlubaczowski.pl\/wp-content\/uploads\/2021\/07\/1e.jpg\" class=\"attachment-colormag-featured-image size-colormag-featured-image\" alt=\"\" \/><\/a>\n\t\t\t<\/div><\/figure><figure class='gallery-item'>\n\t\t\t<div class='gallery-icon portrait'>\n\t\t\t\t<a href='http:\/\/biblioteka2.powiatlubaczowski.pl\/wp-content\/uploads\/2021\/07\/1f.jpg'><img loading=\"lazy\" decoding=\"async\" width=\"334\" height=\"445\" src=\"http:\/\/biblioteka2.powiatlubaczowski.pl\/wp-content\/uploads\/2021\/07\/1f.jpg\" class=\"attachment-colormag-featured-image size-colormag-featured-image\" alt=\"\" \/><\/a>\n\t\t\t<\/div><\/figure><figure class='gallery-item'>\n\t\t\t<div class='gallery-icon landscape'>\n\t\t\t\t<a href='http:\/\/biblioteka2.powiatlubaczowski.pl\/wp-content\/uploads\/2021\/07\/1g.jpg'><img loading=\"lazy\" decoding=\"async\" width=\"506\" height=\"445\" src=\"http:\/\/biblioteka2.powiatlubaczowski.pl\/wp-content\/uploads\/2021\/07\/1g.jpg\" class=\"attachment-colormag-featured-image size-colormag-featured-image\" alt=\"\" srcset=\"http:\/\/biblioteka2.powiatlubaczowski.pl\/wp-content\/uploads\/2021\/07\/1g.jpg 909w, http:\/\/biblioteka2.powiatlubaczowski.pl\/wp-content\/uploads\/2021\/07\/1g-768x676.jpg 768w\" sizes=\"auto, (max-width: 506px) 100vw, 506px\" \/><\/a>\n\t\t\t<\/div><\/figure><figure class='gallery-item'>\n\t\t\t<div class='gallery-icon portrait'>\n\t\t\t\t<a href='http:\/\/biblioteka2.powiatlubaczowski.pl\/wp-content\/uploads\/2021\/07\/1h.jpg'><img loading=\"lazy\" decoding=\"async\" width=\"418\" height=\"445\" src=\"http:\/\/biblioteka2.powiatlubaczowski.pl\/wp-content\/uploads\/2021\/07\/1h.jpg\" class=\"attachment-colormag-featured-image size-colormag-featured-image\" alt=\"\" srcset=\"http:\/\/biblioteka2.powiatlubaczowski.pl\/wp-content\/uploads\/2021\/07\/1h.jpg 841w, http:\/\/biblioteka2.powiatlubaczowski.pl\/wp-content\/uploads\/2021\/07\/1h-768x817.jpg 768w\" sizes=\"auto, (max-width: 418px) 100vw, 418px\" \/><\/a>\n\t\t\t<\/div><\/figure><figure class='gallery-item'>\n\t\t\t<div class='gallery-icon portrait'>\n\t\t\t\t<a href='http:\/\/biblioteka2.powiatlubaczowski.pl\/wp-content\/uploads\/2021\/07\/1i.jpg'><img loading=\"lazy\" decoding=\"async\" width=\"363\" height=\"445\" src=\"http:\/\/biblioteka2.powiatlubaczowski.pl\/wp-content\/uploads\/2021\/07\/1i.jpg\" class=\"attachment-colormag-featured-image size-colormag-featured-image\" alt=\"\" srcset=\"http:\/\/biblioteka2.powiatlubaczowski.pl\/wp-content\/uploads\/2021\/07\/1i.jpg 770w, http:\/\/biblioteka2.powiatlubaczowski.pl\/wp-content\/uploads\/2021\/07\/1i-768x941.jpg 768w\" sizes=\"auto, (max-width: 363px) 100vw, 363px\" \/><\/a>\n\t\t\t<\/div><\/figure><figure class='gallery-item'>\n\t\t\t<div class='gallery-icon portrait'>\n\t\t\t\t<a href='http:\/\/biblioteka2.powiatlubaczowski.pl\/wp-content\/uploads\/2021\/07\/1j.jpg'><img loading=\"lazy\" decoding=\"async\" width=\"387\" height=\"445\" src=\"http:\/\/biblioteka2.powiatlubaczowski.pl\/wp-content\/uploads\/2021\/07\/1j.jpg\" class=\"attachment-colormag-featured-image size-colormag-featured-image\" alt=\"\" \/><\/a>\n\t\t\t<\/div><\/figure><figure class='gallery-item'>\n\t\t\t<div class='gallery-icon portrait'>\n\t\t\t\t<a href='http:\/\/biblioteka2.powiatlubaczowski.pl\/wp-content\/uploads\/2021\/07\/1k.jpg'><img loading=\"lazy\" decoding=\"async\" width=\"431\" height=\"445\" src=\"http:\/\/biblioteka2.powiatlubaczowski.pl\/wp-content\/uploads\/2021\/07\/1k.jpg\" class=\"attachment-colormag-featured-image size-colormag-featured-image\" alt=\"\" srcset=\"http:\/\/biblioteka2.powiatlubaczowski.pl\/wp-content\/uploads\/2021\/07\/1k.jpg 828w, http:\/\/biblioteka2.powiatlubaczowski.pl\/wp-content\/uploads\/2021\/07\/1k-768x793.jpg 768w\" sizes=\"auto, (max-width: 431px) 100vw, 431px\" \/><\/a>\n\t\t\t<\/div><\/figure><figure class='gallery-item'>\n\t\t\t<div class='gallery-icon portrait'>\n\t\t\t\t<a href='http:\/\/biblioteka2.powiatlubaczowski.pl\/wp-content\/uploads\/2021\/07\/1l.jpg'><img loading=\"lazy\" decoding=\"async\" width=\"388\" height=\"445\" src=\"http:\/\/biblioteka2.powiatlubaczowski.pl\/wp-content\/uploads\/2021\/07\/1l.jpg\" class=\"attachment-colormag-featured-image size-colormag-featured-image\" alt=\"\" \/><\/a>\n\t\t\t<\/div><\/figure><figure class='gallery-item'>\n\t\t\t<div class='gallery-icon landscape'>\n\t\t\t\t<a href='http:\/\/biblioteka2.powiatlubaczowski.pl\/wp-content\/uploads\/2021\/07\/1m.jpg'><img loading=\"lazy\" decoding=\"async\" width=\"478\" height=\"445\" src=\"http:\/\/biblioteka2.powiatlubaczowski.pl\/wp-content\/uploads\/2021\/07\/1m.jpg\" class=\"attachment-colormag-featured-image size-colormag-featured-image\" alt=\"\" srcset=\"http:\/\/biblioteka2.powiatlubaczowski.pl\/wp-content\/uploads\/2021\/07\/1m.jpg 851w, http:\/\/biblioteka2.powiatlubaczowski.pl\/wp-content\/uploads\/2021\/07\/1m-768x716.jpg 768w\" sizes=\"auto, (max-width: 478px) 100vw, 478px\" \/><\/a>\n\t\t\t<\/div><\/figure><figure class='gallery-item'>\n\t\t\t<div class='gallery-icon portrait'>\n\t\t\t\t<a href='http:\/\/biblioteka2.powiatlubaczowski.pl\/wp-content\/uploads\/2021\/07\/2a.jpg'><img loading=\"lazy\" decoding=\"async\" width=\"334\" height=\"445\" src=\"http:\/\/biblioteka2.powiatlubaczowski.pl\/wp-content\/uploads\/2021\/07\/2a.jpg\" class=\"attachment-colormag-featured-image size-colormag-featured-image\" alt=\"\" srcset=\"http:\/\/biblioteka2.powiatlubaczowski.pl\/wp-content\/uploads\/2021\/07\/2a.jpg 1536w, http:\/\/biblioteka2.powiatlubaczowski.pl\/wp-content\/uploads\/2021\/07\/2a-768x1024.jpg 768w, http:\/\/biblioteka2.powiatlubaczowski.pl\/wp-content\/uploads\/2021\/07\/2a-1152x1536.jpg 1152w\" sizes=\"auto, (max-width: 334px) 100vw, 334px\" \/><\/a>\n\t\t\t<\/div><\/figure><figure class='gallery-item'>\n\t\t\t<div class='gallery-icon portrait'>\n\t\t\t\t<a href='http:\/\/biblioteka2.powiatlubaczowski.pl\/wp-content\/uploads\/2021\/07\/2b.jpg'><img loading=\"lazy\" decoding=\"async\" width=\"334\" height=\"445\" src=\"http:\/\/biblioteka2.powiatlubaczowski.pl\/wp-content\/uploads\/2021\/07\/2b.jpg\" class=\"attachment-colormag-featured-image size-colormag-featured-image\" alt=\"\" srcset=\"http:\/\/biblioteka2.powiatlubaczowski.pl\/wp-content\/uploads\/2021\/07\/2b.jpg 1536w, http:\/\/biblioteka2.powiatlubaczowski.pl\/wp-content\/uploads\/2021\/07\/2b-768x1024.jpg 768w, http:\/\/biblioteka2.powiatlubaczowski.pl\/wp-content\/uploads\/2021\/07\/2b-1152x1536.jpg 1152w\" sizes=\"auto, (max-width: 334px) 100vw, 334px\" \/><\/a>\n\t\t\t<\/div><\/figure><figure class='gallery-item'>\n\t\t\t<div class='gallery-icon portrait'>\n\t\t\t\t<a href='http:\/\/biblioteka2.powiatlubaczowski.pl\/wp-content\/uploads\/2021\/07\/2c.jpg'><img loading=\"lazy\" decoding=\"async\" width=\"250\" height=\"445\" src=\"http:\/\/biblioteka2.powiatlubaczowski.pl\/wp-content\/uploads\/2021\/07\/2c.jpg\" class=\"attachment-colormag-featured-image size-colormag-featured-image\" alt=\"\" srcset=\"http:\/\/biblioteka2.powiatlubaczowski.pl\/wp-content\/uploads\/2021\/07\/2c.jpg 1152w, http:\/\/biblioteka2.powiatlubaczowski.pl\/wp-content\/uploads\/2021\/07\/2c-576x1024.jpg 576w, http:\/\/biblioteka2.powiatlubaczowski.pl\/wp-content\/uploads\/2021\/07\/2c-768x1365.jpg 768w, http:\/\/biblioteka2.powiatlubaczowski.pl\/wp-content\/uploads\/2021\/07\/2c-864x1536.jpg 864w\" sizes=\"auto, (max-width: 250px) 100vw, 250px\" \/><\/a>\n\t\t\t<\/div><\/figure><figure class='gallery-item'>\n\t\t\t<div class='gallery-icon portrait'>\n\t\t\t\t<a href='http:\/\/biblioteka2.powiatlubaczowski.pl\/wp-content\/uploads\/2021\/07\/2d.jpg'><img loading=\"lazy\" decoding=\"async\" width=\"250\" height=\"445\" src=\"http:\/\/biblioteka2.powiatlubaczowski.pl\/wp-content\/uploads\/2021\/07\/2d.jpg\" class=\"attachment-colormag-featured-image size-colormag-featured-image\" alt=\"\" srcset=\"http:\/\/biblioteka2.powiatlubaczowski.pl\/wp-content\/uploads\/2021\/07\/2d.jpg 1152w, http:\/\/biblioteka2.powiatlubaczowski.pl\/wp-content\/uploads\/2021\/07\/2d-576x1024.jpg 576w, http:\/\/biblioteka2.powiatlubaczowski.pl\/wp-content\/uploads\/2021\/07\/2d-768x1365.jpg 768w, http:\/\/biblioteka2.powiatlubaczowski.pl\/wp-content\/uploads\/2021\/07\/2d-864x1536.jpg 864w\" sizes=\"auto, (max-width: 250px) 100vw, 250px\" \/><\/a>\n\t\t\t<\/div><\/figure><figure class='gallery-item'>\n\t\t\t<div class='gallery-icon landscape'>\n\t\t\t\t<a href='http:\/\/biblioteka2.powiatlubaczowski.pl\/wp-content\/uploads\/2021\/07\/2e.jpg'><img loading=\"lazy\" decoding=\"async\" width=\"593\" height=\"445\" src=\"http:\/\/biblioteka2.powiatlubaczowski.pl\/wp-content\/uploads\/2021\/07\/2e.jpg\" class=\"attachment-colormag-featured-image size-colormag-featured-image\" alt=\"\" srcset=\"http:\/\/biblioteka2.powiatlubaczowski.pl\/wp-content\/uploads\/2021\/07\/2e.jpg 2048w, http:\/\/biblioteka2.powiatlubaczowski.pl\/wp-content\/uploads\/2021\/07\/2e-1024x768.jpg 1024w, http:\/\/biblioteka2.powiatlubaczowski.pl\/wp-content\/uploads\/2021\/07\/2e-768x576.jpg 768w, http:\/\/biblioteka2.powiatlubaczowski.pl\/wp-content\/uploads\/2021\/07\/2e-1536x1152.jpg 1536w\" sizes=\"auto, (max-width: 593px) 100vw, 593px\" \/><\/a>\n\t\t\t<\/div><\/figure><figure class='gallery-item'>\n\t\t\t<div class='gallery-icon portrait'>\n\t\t\t\t<a href='http:\/\/biblioteka2.powiatlubaczowski.pl\/wp-content\/uploads\/2021\/07\/2f.jpg'><img loading=\"lazy\" decoding=\"async\" width=\"334\" height=\"445\" src=\"http:\/\/biblioteka2.powiatlubaczowski.pl\/wp-content\/uploads\/2021\/07\/2f.jpg\" class=\"attachment-colormag-featured-image size-colormag-featured-image\" alt=\"\" \/><\/a>\n\t\t\t<\/div><\/figure><figure class='gallery-item'>\n\t\t\t<div class='gallery-icon portrait'>\n\t\t\t\t<a href='http:\/\/biblioteka2.powiatlubaczowski.pl\/wp-content\/uploads\/2021\/07\/2g.jpg'><img loading=\"lazy\" decoding=\"async\" width=\"334\" height=\"445\" src=\"http:\/\/biblioteka2.powiatlubaczowski.pl\/wp-content\/uploads\/2021\/07\/2g.jpg\" class=\"attachment-colormag-featured-image size-colormag-featured-image\" alt=\"\" \/><\/a>\n\t\t\t<\/div><\/figure><figure class='gallery-item'>\n\t\t\t<div class='gallery-icon portrait'>\n\t\t\t\t<a href='http:\/\/biblioteka2.powiatlubaczowski.pl\/wp-content\/uploads\/2021\/07\/2h.jpg'><img loading=\"lazy\" decoding=\"async\" width=\"334\" height=\"445\" src=\"http:\/\/biblioteka2.powiatlubaczowski.pl\/wp-content\/uploads\/2021\/07\/2h.jpg\" class=\"attachment-colormag-featured-image size-colormag-featured-image\" alt=\"\" \/><\/a>\n\t\t\t<\/div><\/figure><figure class='gallery-item'>\n\t\t\t<div class='gallery-icon portrait'>\n\t\t\t\t<a href='http:\/\/biblioteka2.powiatlubaczowski.pl\/wp-content\/uploads\/2021\/07\/2i.jpg'><img loading=\"lazy\" decoding=\"async\" width=\"334\" height=\"445\" src=\"http:\/\/biblioteka2.powiatlubaczowski.pl\/wp-content\/uploads\/2021\/07\/2i.jpg\" class=\"attachment-colormag-featured-image size-colormag-featured-image\" alt=\"\" \/><\/a>\n\t\t\t<\/div><\/figure><figure class='gallery-item'>\n\t\t\t<div class='gallery-icon portrait'>\n\t\t\t\t<a href='http:\/\/biblioteka2.powiatlubaczowski.pl\/wp-content\/uploads\/2021\/07\/2j.jpg'><img loading=\"lazy\" decoding=\"async\" width=\"334\" height=\"445\" src=\"http:\/\/biblioteka2.powiatlubaczowski.pl\/wp-content\/uploads\/2021\/07\/2j.jpg\" class=\"attachment-colormag-featured-image size-colormag-featured-image\" alt=\"\" \/><\/a>\n\t\t\t<\/div><\/figure><figure class='gallery-item'>\n\t\t\t<div class='gallery-icon portrait'>\n\t\t\t\t<a href='http:\/\/biblioteka2.powiatlubaczowski.pl\/wp-content\/uploads\/2021\/07\/2k.jpg'><img loading=\"lazy\" decoding=\"async\" width=\"334\" height=\"445\" src=\"http:\/\/biblioteka2.powiatlubaczowski.pl\/wp-content\/uploads\/2021\/07\/2k.jpg\" class=\"attachment-colormag-featured-image size-colormag-featured-image\" alt=\"\" \/><\/a>\n\t\t\t<\/div><\/figure><figure class='gallery-item'>\n\t\t\t<div class='gallery-icon portrait'>\n\t\t\t\t<a href='http:\/\/biblioteka2.powiatlubaczowski.pl\/wp-content\/uploads\/2021\/07\/2l.jpg'><img loading=\"lazy\" decoding=\"async\" width=\"334\" height=\"445\" src=\"http:\/\/biblioteka2.powiatlubaczowski.pl\/wp-content\/uploads\/2021\/07\/2l.jpg\" class=\"attachment-colormag-featured-image size-colormag-featured-image\" alt=\"\" \/><\/a>\n\t\t\t<\/div><\/figure><figure class='gallery-item'>\n\t\t\t<div class='gallery-icon portrait'>\n\t\t\t\t<a href='http:\/\/biblioteka2.powiatlubaczowski.pl\/wp-content\/uploads\/2021\/07\/2m.jpg'><img loading=\"lazy\" decoding=\"async\" width=\"334\" height=\"445\" src=\"http:\/\/biblioteka2.powiatlubaczowski.pl\/wp-content\/uploads\/2021\/07\/2m.jpg\" class=\"attachment-colormag-featured-image size-colormag-featured-image\" alt=\"\" \/><\/a>\n\t\t\t<\/div><\/figure><figure class='gallery-item'>\n\t\t\t<div class='gallery-icon portrait'>\n\t\t\t\t<a href='http:\/\/biblioteka2.powiatlubaczowski.pl\/wp-content\/uploads\/2021\/07\/2n.jpg'><img loading=\"lazy\" decoding=\"async\" width=\"334\" height=\"445\" src=\"http:\/\/biblioteka2.powiatlubaczowski.pl\/wp-content\/uploads\/2021\/07\/2n.jpg\" class=\"attachment-colormag-featured-image size-colormag-featured-image\" alt=\"\" \/><\/a>\n\t\t\t<\/div><\/figure><figure class='gallery-item'>\n\t\t\t<div class='gallery-icon portrait'>\n\t\t\t\t<a href='http:\/\/biblioteka2.powiatlubaczowski.pl\/wp-content\/uploads\/2021\/07\/2o.jpg'><img loading=\"lazy\" decoding=\"async\" width=\"334\" height=\"445\" src=\"http:\/\/biblioteka2.powiatlubaczowski.pl\/wp-content\/uploads\/2021\/07\/2o.jpg\" class=\"attachment-colormag-featured-image size-colormag-featured-image\" alt=\"\" \/><\/a>\n\t\t\t<\/div><\/figure><figure class='gallery-item'>\n\t\t\t<div class='gallery-icon portrait'>\n\t\t\t\t<a href='http:\/\/biblioteka2.powiatlubaczowski.pl\/wp-content\/uploads\/2021\/07\/2p.jpg'><img loading=\"lazy\" decoding=\"async\" width=\"334\" height=\"445\" src=\"http:\/\/biblioteka2.powiatlubaczowski.pl\/wp-content\/uploads\/2021\/07\/2p.jpg\" class=\"attachment-colormag-featured-image size-colormag-featured-image\" alt=\"\" \/><\/a>\n\t\t\t<\/div><\/figure><figure class='gallery-item'>\n\t\t\t<div class='gallery-icon portrait'>\n\t\t\t\t<a href='http:\/\/biblioteka2.powiatlubaczowski.pl\/wp-content\/uploads\/2021\/07\/2r.jpg'><img loading=\"lazy\" decoding=\"async\" width=\"334\" height=\"445\" src=\"http:\/\/biblioteka2.powiatlubaczowski.pl\/wp-content\/uploads\/2021\/07\/2r.jpg\" class=\"attachment-colormag-featured-image size-colormag-featured-image\" alt=\"\" \/><\/a>\n\t\t\t<\/div><\/figure><figure class='gallery-item'>\n\t\t\t<div class='gallery-icon portrait'>\n\t\t\t\t<a href='http:\/\/biblioteka2.powiatlubaczowski.pl\/wp-content\/uploads\/2021\/07\/2s.jpg'><img loading=\"lazy\" decoding=\"async\" width=\"334\" height=\"445\" src=\"http:\/\/biblioteka2.powiatlubaczowski.pl\/wp-content\/uploads\/2021\/07\/2s.jpg\" class=\"attachment-colormag-featured-image size-colormag-featured-image\" alt=\"\" \/><\/a>\n\t\t\t<\/div><\/figure><figure class='gallery-item'>\n\t\t\t<div class='gallery-icon portrait'>\n\t\t\t\t<a href='http:\/\/biblioteka2.powiatlubaczowski.pl\/wp-content\/uploads\/2021\/07\/2t.jpg'><img loading=\"lazy\" decoding=\"async\" width=\"334\" height=\"445\" src=\"http:\/\/biblioteka2.powiatlubaczowski.pl\/wp-content\/uploads\/2021\/07\/2t.jpg\" class=\"attachment-colormag-featured-image size-colormag-featured-image\" alt=\"\" \/><\/a>\n\t\t\t<\/div><\/figure><figure class='gallery-item'>\n\t\t\t<div class='gallery-icon portrait'>\n\t\t\t\t<a href='http:\/\/biblioteka2.powiatlubaczowski.pl\/wp-content\/uploads\/2021\/07\/2u.jpg'><img loading=\"lazy\" decoding=\"async\" width=\"334\" height=\"445\" src=\"http:\/\/biblioteka2.powiatlubaczowski.pl\/wp-content\/uploads\/2021\/07\/2u.jpg\" class=\"attachment-colormag-featured-image size-colormag-featured-image\" alt=\"\" \/><\/a>\n\t\t\t<\/div><\/figure><figure class='gallery-item'>\n\t\t\t<div class='gallery-icon portrait'>\n\t\t\t\t<a href='http:\/\/biblioteka2.powiatlubaczowski.pl\/wp-content\/uploads\/2021\/07\/2w.jpg'><img loading=\"lazy\" decoding=\"async\" width=\"334\" height=\"445\" src=\"http:\/\/biblioteka2.powiatlubaczowski.pl\/wp-content\/uploads\/2021\/07\/2w.jpg\" class=\"attachment-colormag-featured-image size-colormag-featured-image\" alt=\"\" \/><\/a>\n\t\t\t<\/div><\/figure><figure class='gallery-item'>\n\t\t\t<div class='gallery-icon portrait'>\n\t\t\t\t<a href='http:\/\/biblioteka2.powiatlubaczowski.pl\/wp-content\/uploads\/2021\/07\/2y.jpg'><img loading=\"lazy\" decoding=\"async\" width=\"334\" height=\"445\" src=\"http:\/\/biblioteka2.powiatlubaczowski.pl\/wp-content\/uploads\/2021\/07\/2y.jpg\" class=\"attachment-colormag-featured-image size-colormag-featured-image\" alt=\"\" \/><\/a>\n\t\t\t<\/div><\/figure><figure class='gallery-item'>\n\t\t\t<div class='gallery-icon portrait'>\n\t\t\t\t<a href='http:\/\/biblioteka2.powiatlubaczowski.pl\/wp-content\/uploads\/2021\/07\/2z.jpg'><img loading=\"lazy\" decoding=\"async\" width=\"334\" height=\"445\" src=\"http:\/\/biblioteka2.powiatlubaczowski.pl\/wp-content\/uploads\/2021\/07\/2z.jpg\" class=\"attachment-colormag-featured-image size-colormag-featured-image\" alt=\"\" \/><\/a>\n\t\t\t<\/div><\/figure><figure class='gallery-item'>\n\t\t\t<div class='gallery-icon portrait'>\n\t\t\t\t<a href='http:\/\/biblioteka2.powiatlubaczowski.pl\/wp-content\/uploads\/2021\/07\/3a.jpg'><img loading=\"lazy\" decoding=\"async\" width=\"334\" height=\"445\" src=\"http:\/\/biblioteka2.powiatlubaczowski.pl\/wp-content\/uploads\/2021\/07\/3a.jpg\" class=\"attachment-colormag-featured-image size-colormag-featured-image\" alt=\"\" \/><\/a>\n\t\t\t<\/div><\/figure><figure class='gallery-item'>\n\t\t\t<div class='gallery-icon portrait'>\n\t\t\t\t<a href='http:\/\/biblioteka2.powiatlubaczowski.pl\/wp-content\/uploads\/2021\/07\/3b.jpg'><img loading=\"lazy\" decoding=\"async\" width=\"308\" height=\"445\" src=\"http:\/\/biblioteka2.powiatlubaczowski.pl\/wp-content\/uploads\/2021\/07\/3b.jpg\" class=\"attachment-colormag-featured-image size-colormag-featured-image\" alt=\"\" \/><\/a>\n\t\t\t<\/div><\/figure><figure class='gallery-item'>\n\t\t\t<div class='gallery-icon portrait'>\n\t\t\t\t<a href='http:\/\/biblioteka2.powiatlubaczowski.pl\/wp-content\/uploads\/2021\/07\/3c.jpg'><img loading=\"lazy\" decoding=\"async\" width=\"334\" height=\"445\" src=\"http:\/\/biblioteka2.powiatlubaczowski.pl\/wp-content\/uploads\/2021\/07\/3c.jpg\" class=\"attachment-colormag-featured-image size-colormag-featured-image\" alt=\"\" \/><\/a>\n\t\t\t<\/div><\/figure><figure class='gallery-item'>\n\t\t\t<div class='gallery-icon portrait'>\n\t\t\t\t<a href='http:\/\/biblioteka2.powiatlubaczowski.pl\/wp-content\/uploads\/2021\/07\/3d.jpg'><img loading=\"lazy\" decoding=\"async\" width=\"289\" height=\"445\" src=\"http:\/\/biblioteka2.powiatlubaczowski.pl\/wp-content\/uploads\/2021\/07\/3d.jpg\" class=\"attachment-colormag-featured-image size-colormag-featured-image\" alt=\"\" \/><\/a>\n\t\t\t<\/div><\/figure><figure class='gallery-item'>\n\t\t\t<div class='gallery-icon portrait'>\n\t\t\t\t<a href='http:\/\/biblioteka2.powiatlubaczowski.pl\/wp-content\/uploads\/2021\/07\/3e.jpg'><img loading=\"lazy\" decoding=\"async\" width=\"340\" height=\"445\" src=\"http:\/\/biblioteka2.powiatlubaczowski.pl\/wp-content\/uploads\/2021\/07\/3e.jpg\" class=\"attachment-colormag-featured-image size-colormag-featured-image\" alt=\"\" \/><\/a>\n\t\t\t<\/div><\/figure><figure class='gallery-item'>\n\t\t\t<div class='gallery-icon portrait'>\n\t\t\t\t<a href='http:\/\/biblioteka2.powiatlubaczowski.pl\/wp-content\/uploads\/2021\/07\/4a.jpg'><img loading=\"lazy\" decoding=\"async\" width=\"334\" height=\"445\" src=\"http:\/\/biblioteka2.powiatlubaczowski.pl\/wp-content\/uploads\/2021\/07\/4a.jpg\" class=\"attachment-colormag-featured-image size-colormag-featured-image\" alt=\"\" \/><\/a>\n\t\t\t<\/div><\/figure><figure class='gallery-item'>\n\t\t\t<div class='gallery-icon portrait'>\n\t\t\t\t<a href='http:\/\/biblioteka2.powiatlubaczowski.pl\/wp-content\/uploads\/2021\/07\/4b.jpg'><img loading=\"lazy\" decoding=\"async\" width=\"334\" height=\"445\" src=\"http:\/\/biblioteka2.powiatlubaczowski.pl\/wp-content\/uploads\/2021\/07\/4b.jpg\" class=\"attachment-colormag-featured-image size-colormag-featured-image\" alt=\"\" \/><\/a>\n\t\t\t<\/div><\/figure><figure class='gallery-item'>\n\t\t\t<div class='gallery-icon portrait'>\n\t\t\t\t<a href='http:\/\/biblioteka2.powiatlubaczowski.pl\/wp-content\/uploads\/2021\/07\/4c.jpg'><img loading=\"lazy\" decoding=\"async\" width=\"334\" height=\"445\" src=\"http:\/\/biblioteka2.powiatlubaczowski.pl\/wp-content\/uploads\/2021\/07\/4c.jpg\" class=\"attachment-colormag-featured-image size-colormag-featured-image\" alt=\"\" \/><\/a>\n\t\t\t<\/div><\/figure><figure class='gallery-item'>\n\t\t\t<div class='gallery-icon portrait'>\n\t\t\t\t<a href='http:\/\/biblioteka2.powiatlubaczowski.pl\/wp-content\/uploads\/2021\/07\/4d.jpg'><img loading=\"lazy\" decoding=\"async\" width=\"334\" height=\"445\" src=\"http:\/\/biblioteka2.powiatlubaczowski.pl\/wp-content\/uploads\/2021\/07\/4d.jpg\" class=\"attachment-colormag-featured-image size-colormag-featured-image\" alt=\"\" \/><\/a>\n\t\t\t<\/div><\/figure><figure class='gallery-item'>\n\t\t\t<div class='gallery-icon portrait'>\n\t\t\t\t<a href='http:\/\/biblioteka2.powiatlubaczowski.pl\/wp-content\/uploads\/2021\/07\/4e.jpg'><img loading=\"lazy\" decoding=\"async\" width=\"334\" height=\"445\" src=\"http:\/\/biblioteka2.powiatlubaczowski.pl\/wp-content\/uploads\/2021\/07\/4e.jpg\" class=\"attachment-colormag-featured-image size-colormag-featured-image\" alt=\"\" \/><\/a>\n\t\t\t<\/div><\/figure><figure class='gallery-item'>\n\t\t\t<div class='gallery-icon portrait'>\n\t\t\t\t<a href='http:\/\/biblioteka2.powiatlubaczowski.pl\/wp-content\/uploads\/2021\/07\/4f.jpg'><img loading=\"lazy\" decoding=\"async\" width=\"334\" height=\"445\" src=\"http:\/\/biblioteka2.powiatlubaczowski.pl\/wp-content\/uploads\/2021\/07\/4f.jpg\" class=\"attachment-colormag-featured-image size-colormag-featured-image\" alt=\"\" \/><\/a>\n\t\t\t<\/div><\/figure><figure class='gallery-item'>\n\t\t\t<div class='gallery-icon portrait'>\n\t\t\t\t<a href='http:\/\/biblioteka2.powiatlubaczowski.pl\/wp-content\/uploads\/2021\/07\/4g.jpg'><img loading=\"lazy\" decoding=\"async\" width=\"334\" height=\"445\" src=\"http:\/\/biblioteka2.powiatlubaczowski.pl\/wp-content\/uploads\/2021\/07\/4g.jpg\" class=\"attachment-colormag-featured-image size-colormag-featured-image\" alt=\"\" \/><\/a>\n\t\t\t<\/div><\/figure><figure class='gallery-item'>\n\t\t\t<div class='gallery-icon portrait'>\n\t\t\t\t<a href='http:\/\/biblioteka2.powiatlubaczowski.pl\/wp-content\/uploads\/2021\/07\/4h.jpg'><img loading=\"lazy\" decoding=\"async\" width=\"334\" height=\"445\" src=\"http:\/\/biblioteka2.powiatlubaczowski.pl\/wp-content\/uploads\/2021\/07\/4h.jpg\" class=\"attachment-colormag-featured-image size-colormag-featured-image\" alt=\"\" \/><\/a>\n\t\t\t<\/div><\/figure><figure class='gallery-item'>\n\t\t\t<div class='gallery-icon portrait'>\n\t\t\t\t<a href='http:\/\/biblioteka2.powiatlubaczowski.pl\/wp-content\/uploads\/2021\/07\/4i.jpg'><img loading=\"lazy\" decoding=\"async\" width=\"334\" height=\"445\" src=\"http:\/\/biblioteka2.powiatlubaczowski.pl\/wp-content\/uploads\/2021\/07\/4i.jpg\" class=\"attachment-colormag-featured-image size-colormag-featured-image\" alt=\"\" \/><\/a>\n\t\t\t<\/div><\/figure><figure class='gallery-item'>\n\t\t\t<div class='gallery-icon portrait'>\n\t\t\t\t<a href='http:\/\/biblioteka2.powiatlubaczowski.pl\/wp-content\/uploads\/2021\/07\/4j.jpg'><img loading=\"lazy\" decoding=\"async\" width=\"334\" height=\"445\" src=\"http:\/\/biblioteka2.powiatlubaczowski.pl\/wp-content\/uploads\/2021\/07\/4j.jpg\" class=\"attachment-colormag-featured-image size-colormag-featured-image\" alt=\"\" \/><\/a>\n\t\t\t<\/div><\/figure><figure class='gallery-item'>\n\t\t\t<div class='gallery-icon portrait'>\n\t\t\t\t<a href='http:\/\/biblioteka2.powiatlubaczowski.pl\/wp-content\/uploads\/2021\/07\/4k.jpg'><img loading=\"lazy\" decoding=\"async\" width=\"226\" height=\"445\" src=\"http:\/\/biblioteka2.powiatlubaczowski.pl\/wp-content\/uploads\/2021\/07\/4k.jpg\" class=\"attachment-colormag-featured-image size-colormag-featured-image\" alt=\"\" \/><\/a>\n\t\t\t<\/div><\/figure><figure class='gallery-item'>\n\t\t\t<div class='gallery-icon portrait'>\n\t\t\t\t<a href='http:\/\/biblioteka2.powiatlubaczowski.pl\/wp-content\/uploads\/2021\/07\/5a.jpg'><img loading=\"lazy\" decoding=\"async\" width=\"307\" height=\"445\" src=\"http:\/\/biblioteka2.powiatlubaczowski.pl\/wp-content\/uploads\/2021\/07\/5a.jpg\" class=\"attachment-colormag-featured-image size-colormag-featured-image\" alt=\"\" srcset=\"http:\/\/biblioteka2.powiatlubaczowski.pl\/wp-content\/uploads\/2021\/07\/5a.jpg 1414w, http:\/\/biblioteka2.powiatlubaczowski.pl\/wp-content\/uploads\/2021\/07\/5a-707x1024.jpg 707w, http:\/\/biblioteka2.powiatlubaczowski.pl\/wp-content\/uploads\/2021\/07\/5a-768x1112.jpg 768w, http:\/\/biblioteka2.powiatlubaczowski.pl\/wp-content\/uploads\/2021\/07\/5a-1061x1536.jpg 1061w\" sizes=\"auto, (max-width: 307px) 100vw, 307px\" \/><\/a>\n\t\t\t<\/div><\/figure><figure class='gallery-item'>\n\t\t\t<div class='gallery-icon portrait'>\n\t\t\t\t<a href='http:\/\/biblioteka2.powiatlubaczowski.pl\/wp-content\/uploads\/2021\/07\/5b.jpg'><img loading=\"lazy\" decoding=\"async\" width=\"408\" height=\"445\" src=\"http:\/\/biblioteka2.powiatlubaczowski.pl\/wp-content\/uploads\/2021\/07\/5b.jpg\" class=\"attachment-colormag-featured-image size-colormag-featured-image\" alt=\"\" srcset=\"http:\/\/biblioteka2.powiatlubaczowski.pl\/wp-content\/uploads\/2021\/07\/5b.jpg 1880w, http:\/\/biblioteka2.powiatlubaczowski.pl\/wp-content\/uploads\/2021\/07\/5b-940x1024.jpg 940w, http:\/\/biblioteka2.powiatlubaczowski.pl\/wp-content\/uploads\/2021\/07\/5b-768x837.jpg 768w, http:\/\/biblioteka2.powiatlubaczowski.pl\/wp-content\/uploads\/2021\/07\/5b-1410x1536.jpg 1410w\" sizes=\"auto, (max-width: 408px) 100vw, 408px\" \/><\/a>\n\t\t\t<\/div><\/figure><figure class='gallery-item'>\n\t\t\t<div class='gallery-icon landscape'>\n\t\t\t\t<a href='http:\/\/biblioteka2.powiatlubaczowski.pl\/wp-content\/uploads\/2021\/07\/5c.jpg'><img loading=\"lazy\" decoding=\"async\" width=\"800\" height=\"430\" src=\"http:\/\/biblioteka2.powiatlubaczowski.pl\/wp-content\/uploads\/2021\/07\/5c.jpg\" class=\"attachment-colormag-featured-image size-colormag-featured-image\" alt=\"\" srcset=\"http:\/\/biblioteka2.powiatlubaczowski.pl\/wp-content\/uploads\/2021\/07\/5c.jpg 1920w, http:\/\/biblioteka2.powiatlubaczowski.pl\/wp-content\/uploads\/2021\/07\/5c-1024x551.jpg 1024w, http:\/\/biblioteka2.powiatlubaczowski.pl\/wp-content\/uploads\/2021\/07\/5c-768x413.jpg 768w, http:\/\/biblioteka2.powiatlubaczowski.pl\/wp-content\/uploads\/2021\/07\/5c-1536x826.jpg 1536w\" sizes=\"auto, (max-width: 800px) 100vw, 800px\" \/><\/a>\n\t\t\t<\/div><\/figure><figure class='gallery-item'>\n\t\t\t<div class='gallery-icon landscape'>\n\t\t\t\t<a href='http:\/\/biblioteka2.powiatlubaczowski.pl\/wp-content\/uploads\/2021\/07\/5d.jpg'><img loading=\"lazy\" decoding=\"async\" width=\"651\" height=\"445\" src=\"http:\/\/biblioteka2.powiatlubaczowski.pl\/wp-content\/uploads\/2021\/07\/5d.jpg\" class=\"attachment-colormag-featured-image size-colormag-featured-image\" alt=\"\" srcset=\"http:\/\/biblioteka2.powiatlubaczowski.pl\/wp-content\/uploads\/2021\/07\/5d.jpg 1920w, http:\/\/biblioteka2.powiatlubaczowski.pl\/wp-content\/uploads\/2021\/07\/5d-1024x700.jpg 1024w, http:\/\/biblioteka2.powiatlubaczowski.pl\/wp-content\/uploads\/2021\/07\/5d-768x525.jpg 768w, http:\/\/biblioteka2.powiatlubaczowski.pl\/wp-content\/uploads\/2021\/07\/5d-1536x1050.jpg 1536w\" sizes=\"auto, (max-width: 651px) 100vw, 651px\" \/><\/a>\n\t\t\t<\/div><\/figure><figure class='gallery-item'>\n\t\t\t<div class='gallery-icon landscape'>\n\t\t\t\t<a href='http:\/\/biblioteka2.powiatlubaczowski.pl\/wp-content\/uploads\/2021\/07\/5e.jpg'><img loading=\"lazy\" decoding=\"async\" width=\"681\" height=\"445\" src=\"http:\/\/biblioteka2.powiatlubaczowski.pl\/wp-content\/uploads\/2021\/07\/5e.jpg\" class=\"attachment-colormag-featured-image size-colormag-featured-image\" alt=\"\" srcset=\"http:\/\/biblioteka2.powiatlubaczowski.pl\/wp-content\/uploads\/2021\/07\/5e.jpg 1890w, http:\/\/biblioteka2.powiatlubaczowski.pl\/wp-content\/uploads\/2021\/07\/5e-1024x669.jpg 1024w, http:\/\/biblioteka2.powiatlubaczowski.pl\/wp-content\/uploads\/2021\/07\/5e-768x502.jpg 768w, http:\/\/biblioteka2.powiatlubaczowski.pl\/wp-content\/uploads\/2021\/07\/5e-1536x1004.jpg 1536w\" sizes=\"auto, (max-width: 681px) 100vw, 681px\" \/><\/a>\n\t\t\t<\/div><\/figure><figure class='gallery-item'>\n\t\t\t<div class='gallery-icon landscape'>\n\t\t\t\t<a href='http:\/\/biblioteka2.powiatlubaczowski.pl\/wp-content\/uploads\/2021\/07\/5f.jpg'><img loading=\"lazy\" decoding=\"async\" width=\"585\" height=\"445\" src=\"http:\/\/biblioteka2.powiatlubaczowski.pl\/wp-content\/uploads\/2021\/07\/5f.jpg\" class=\"attachment-colormag-featured-image size-colormag-featured-image\" alt=\"\" srcset=\"http:\/\/biblioteka2.powiatlubaczowski.pl\/wp-content\/uploads\/2021\/07\/5f.jpg 1395w, http:\/\/biblioteka2.powiatlubaczowski.pl\/wp-content\/uploads\/2021\/07\/5f-1024x779.jpg 1024w, http:\/\/biblioteka2.powiatlubaczowski.pl\/wp-content\/uploads\/2021\/07\/5f-768x584.jpg 768w\" sizes=\"auto, (max-width: 585px) 100vw, 585px\" \/><\/a>\n\t\t\t<\/div><\/figure><figure class='gallery-item'>\n\t\t\t<div class='gallery-icon portrait'>\n\t\t\t\t<a href='http:\/\/biblioteka2.powiatlubaczowski.pl\/wp-content\/uploads\/2021\/07\/6a.jpg'><img loading=\"lazy\" decoding=\"async\" width=\"334\" height=\"445\" src=\"http:\/\/biblioteka2.powiatlubaczowski.pl\/wp-content\/uploads\/2021\/07\/6a.jpg\" class=\"attachment-colormag-featured-image size-colormag-featured-image\" alt=\"\" \/><\/a>\n\t\t\t<\/div><\/figure><figure class='gallery-item'>\n\t\t\t<div class='gallery-icon landscape'>\n\t\t\t\t<a href='http:\/\/biblioteka2.powiatlubaczowski.pl\/wp-content\/uploads\/2021\/07\/6b.jpg'><img loading=\"lazy\" decoding=\"async\" width=\"593\" height=\"445\" src=\"http:\/\/biblioteka2.powiatlubaczowski.pl\/wp-content\/uploads\/2021\/07\/6b.jpg\" class=\"attachment-colormag-featured-image size-colormag-featured-image\" alt=\"\" srcset=\"http:\/\/biblioteka2.powiatlubaczowski.pl\/wp-content\/uploads\/2021\/07\/6b.jpg 960w, http:\/\/biblioteka2.powiatlubaczowski.pl\/wp-content\/uploads\/2021\/07\/6b-768x576.jpg 768w\" sizes=\"auto, (max-width: 593px) 100vw, 593px\" \/><\/a>\n\t\t\t<\/div><\/figure><figure class='gallery-item'>\n\t\t\t<div class='gallery-icon landscape'>\n\t\t\t\t<a href='http:\/\/biblioteka2.powiatlubaczowski.pl\/wp-content\/uploads\/2021\/07\/6c.jpg'><img loading=\"lazy\" decoding=\"async\" width=\"573\" height=\"445\" src=\"http:\/\/biblioteka2.powiatlubaczowski.pl\/wp-content\/uploads\/2021\/07\/6c.jpg\" class=\"attachment-colormag-featured-image size-colormag-featured-image\" alt=\"\" srcset=\"http:\/\/biblioteka2.powiatlubaczowski.pl\/wp-content\/uploads\/2021\/07\/6c.jpg 897w, http:\/\/biblioteka2.powiatlubaczowski.pl\/wp-content\/uploads\/2021\/07\/6c-768x597.jpg 768w\" sizes=\"auto, (max-width: 573px) 100vw, 573px\" \/><\/a>\n\t\t\t<\/div><\/figure><figure class='gallery-item'>\n\t\t\t<div class='gallery-icon landscape'>\n\t\t\t\t<a href='http:\/\/biblioteka2.powiatlubaczowski.pl\/wp-content\/uploads\/2021\/07\/6d.jpg'><img loading=\"lazy\" decoding=\"async\" width=\"593\" height=\"445\" src=\"http:\/\/biblioteka2.powiatlubaczowski.pl\/wp-content\/uploads\/2021\/07\/6d.jpg\" class=\"attachment-colormag-featured-image size-colormag-featured-image\" alt=\"\" srcset=\"http:\/\/biblioteka2.powiatlubaczowski.pl\/wp-content\/uploads\/2021\/07\/6d.jpg 960w, http:\/\/biblioteka2.powiatlubaczowski.pl\/wp-content\/uploads\/2021\/07\/6d-768x576.jpg 768w\" sizes=\"auto, (max-width: 593px) 100vw, 593px\" \/><\/a>\n\t\t\t<\/div><\/figure><figure class='gallery-item'>\n\t\t\t<div class='gallery-icon landscape'>\n\t\t\t\t<a href='http:\/\/biblioteka2.powiatlubaczowski.pl\/wp-content\/uploads\/2021\/07\/6e.jpg'><img loading=\"lazy\" decoding=\"async\" width=\"527\" height=\"445\" src=\"http:\/\/biblioteka2.powiatlubaczowski.pl\/wp-content\/uploads\/2021\/07\/6e.jpg\" class=\"attachment-colormag-featured-image size-colormag-featured-image\" alt=\"\" srcset=\"http:\/\/biblioteka2.powiatlubaczowski.pl\/wp-content\/uploads\/2021\/07\/6e.jpg 845w, http:\/\/biblioteka2.powiatlubaczowski.pl\/wp-content\/uploads\/2021\/07\/6e-768x648.jpg 768w\" sizes=\"auto, (max-width: 527px) 100vw, 527px\" \/><\/a>\n\t\t\t<\/div><\/figure><figure class='gallery-item'>\n\t\t\t<div class='gallery-icon landscape'>\n\t\t\t\t<a href='http:\/\/biblioteka2.powiatlubaczowski.pl\/wp-content\/uploads\/2021\/07\/6f.jpg'><img loading=\"lazy\" decoding=\"async\" width=\"593\" height=\"445\" src=\"http:\/\/biblioteka2.powiatlubaczowski.pl\/wp-content\/uploads\/2021\/07\/6f.jpg\" class=\"attachment-colormag-featured-image size-colormag-featured-image\" alt=\"\" srcset=\"http:\/\/biblioteka2.powiatlubaczowski.pl\/wp-content\/uploads\/2021\/07\/6f.jpg 960w, http:\/\/biblioteka2.powiatlubaczowski.pl\/wp-content\/uploads\/2021\/07\/6f-768x576.jpg 768w\" sizes=\"auto, (max-width: 593px) 100vw, 593px\" \/><\/a>\n\t\t\t<\/div><\/figure><figure class='gallery-item'>\n\t\t\t<div class='gallery-icon landscape'>\n\t\t\t\t<a href='http:\/\/biblioteka2.powiatlubaczowski.pl\/wp-content\/uploads\/2021\/07\/6g.jpg'><img loading=\"lazy\" decoding=\"async\" width=\"593\" height=\"445\" src=\"http:\/\/biblioteka2.powiatlubaczowski.pl\/wp-content\/uploads\/2021\/07\/6g.jpg\" class=\"attachment-colormag-featured-image size-colormag-featured-image\" alt=\"\" srcset=\"http:\/\/biblioteka2.powiatlubaczowski.pl\/wp-content\/uploads\/2021\/07\/6g.jpg 960w, http:\/\/biblioteka2.powiatlubaczowski.pl\/wp-content\/uploads\/2021\/07\/6g-768x576.jpg 768w\" sizes=\"auto, (max-width: 593px) 100vw, 593px\" \/><\/a>\n\t\t\t<\/div><\/figure><figure class='gallery-item'>\n\t\t\t<div class='gallery-icon portrait'>\n\t\t\t\t<a href='http:\/\/biblioteka2.powiatlubaczowski.pl\/wp-content\/uploads\/2021\/07\/7a.jpg'><img loading=\"lazy\" decoding=\"async\" width=\"334\" height=\"445\" src=\"http:\/\/biblioteka2.powiatlubaczowski.pl\/wp-content\/uploads\/2021\/07\/7a.jpg\" class=\"attachment-colormag-featured-image size-colormag-featured-image\" alt=\"\" \/><\/a>\n\t\t\t<\/div><\/figure><figure class='gallery-item'>\n\t\t\t<div class='gallery-icon portrait'>\n\t\t\t\t<a href='http:\/\/biblioteka2.powiatlubaczowski.pl\/wp-content\/uploads\/2021\/07\/7b.jpg'><img loading=\"lazy\" decoding=\"async\" width=\"334\" height=\"445\" src=\"http:\/\/biblioteka2.powiatlubaczowski.pl\/wp-content\/uploads\/2021\/07\/7b.jpg\" class=\"attachment-colormag-featured-image size-colormag-featured-image\" alt=\"\" \/><\/a>\n\t\t\t<\/div><\/figure><figure class='gallery-item'>\n\t\t\t<div class='gallery-icon portrait'>\n\t\t\t\t<a href='http:\/\/biblioteka2.powiatlubaczowski.pl\/wp-content\/uploads\/2021\/07\/7c.jpg'><img loading=\"lazy\" decoding=\"async\" width=\"334\" height=\"445\" src=\"http:\/\/biblioteka2.powiatlubaczowski.pl\/wp-content\/uploads\/2021\/07\/7c.jpg\" class=\"attachment-colormag-featured-image size-colormag-featured-image\" alt=\"\" \/><\/a>\n\t\t\t<\/div><\/figure><figure class='gallery-item'>\n\t\t\t<div class='gallery-icon portrait'>\n\t\t\t\t<a href='http:\/\/biblioteka2.powiatlubaczowski.pl\/wp-content\/uploads\/2021\/07\/7d.jpg'><img loading=\"lazy\" decoding=\"async\" width=\"334\" height=\"445\" src=\"http:\/\/biblioteka2.powiatlubaczowski.pl\/wp-content\/uploads\/2021\/07\/7d.jpg\" class=\"attachment-colormag-featured-image size-colormag-featured-image\" alt=\"\" \/><\/a>\n\t\t\t<\/div><\/figure><figure class='gallery-item'>\n\t\t\t<div class='gallery-icon portrait'>\n\t\t\t\t<a href='http:\/\/biblioteka2.powiatlubaczowski.pl\/wp-content\/uploads\/2021\/07\/7e.jpg'><img loading=\"lazy\" decoding=\"async\" width=\"334\" height=\"445\" src=\"http:\/\/biblioteka2.powiatlubaczowski.pl\/wp-content\/uploads\/2021\/07\/7e.jpg\" class=\"attachment-colormag-featured-image size-colormag-featured-image\" alt=\"\" \/><\/a>\n\t\t\t<\/div><\/figure><figure class='gallery-item'>\n\t\t\t<div class='gallery-icon portrait'>\n\t\t\t\t<a href='http:\/\/biblioteka2.powiatlubaczowski.pl\/wp-content\/uploads\/2021\/07\/7f.jpg'><img loading=\"lazy\" decoding=\"async\" width=\"334\" height=\"445\" src=\"http:\/\/biblioteka2.powiatlubaczowski.pl\/wp-content\/uploads\/2021\/07\/7f.jpg\" class=\"attachment-colormag-featured-image size-colormag-featured-image\" alt=\"\" \/><\/a>\n\t\t\t<\/div><\/figure><figure class='gallery-item'>\n\t\t\t<div class='gallery-icon portrait'>\n\t\t\t\t<a href='http:\/\/biblioteka2.powiatlubaczowski.pl\/wp-content\/uploads\/2021\/07\/7g.jpg'><img loading=\"lazy\" decoding=\"async\" width=\"334\" height=\"445\" src=\"http:\/\/biblioteka2.powiatlubaczowski.pl\/wp-content\/uploads\/2021\/07\/7g.jpg\" class=\"attachment-colormag-featured-image size-colormag-featured-image\" alt=\"\" \/><\/a>\n\t\t\t<\/div><\/figure><figure class='gallery-item'>\n\t\t\t<div class='gallery-icon portrait'>\n\t\t\t\t<a href='http:\/\/biblioteka2.powiatlubaczowski.pl\/wp-content\/uploads\/2021\/07\/7h.jpg'><img loading=\"lazy\" decoding=\"async\" width=\"334\" height=\"445\" src=\"http:\/\/biblioteka2.powiatlubaczowski.pl\/wp-content\/uploads\/2021\/07\/7h.jpg\" class=\"attachment-colormag-featured-image size-colormag-featured-image\" alt=\"\" \/><\/a>\n\t\t\t<\/div><\/figure><figure class='gallery-item'>\n\t\t\t<div class='gallery-icon portrait'>\n\t\t\t\t<a href='http:\/\/biblioteka2.powiatlubaczowski.pl\/wp-content\/uploads\/2021\/07\/7i.jpg'><img loading=\"lazy\" decoding=\"async\" width=\"334\" height=\"445\" src=\"http:\/\/biblioteka2.powiatlubaczowski.pl\/wp-content\/uploads\/2021\/07\/7i.jpg\" class=\"attachment-colormag-featured-image size-colormag-featured-image\" alt=\"\" \/><\/a>\n\t\t\t<\/div><\/figure><figure class='gallery-item'>\n\t\t\t<div class='gallery-icon landscape'>\n\t\t\t\t<a href='http:\/\/biblioteka2.powiatlubaczowski.pl\/wp-content\/uploads\/2021\/07\/8a.jpg'><img loading=\"lazy\" decoding=\"async\" width=\"593\" height=\"445\" src=\"http:\/\/biblioteka2.powiatlubaczowski.pl\/wp-content\/uploads\/2021\/07\/8a.jpg\" class=\"attachment-colormag-featured-image size-colormag-featured-image\" alt=\"\" srcset=\"http:\/\/biblioteka2.powiatlubaczowski.pl\/wp-content\/uploads\/2021\/07\/8a.jpg 2048w, http:\/\/biblioteka2.powiatlubaczowski.pl\/wp-content\/uploads\/2021\/07\/8a-1024x768.jpg 1024w, http:\/\/biblioteka2.powiatlubaczowski.pl\/wp-content\/uploads\/2021\/07\/8a-768x576.jpg 768w, http:\/\/biblioteka2.powiatlubaczowski.pl\/wp-content\/uploads\/2021\/07\/8a-1536x1152.jpg 1536w\" sizes=\"auto, (max-width: 593px) 100vw, 593px\" \/><\/a>\n\t\t\t<\/div><\/figure><figure class='gallery-item'>\n\t\t\t<div class='gallery-icon landscape'>\n\t\t\t\t<a href='http:\/\/biblioteka2.powiatlubaczowski.pl\/wp-content\/uploads\/2021\/07\/8b.jpg'><img loading=\"lazy\" decoding=\"async\" width=\"593\" height=\"445\" src=\"http:\/\/biblioteka2.powiatlubaczowski.pl\/wp-content\/uploads\/2021\/07\/8b.jpg\" class=\"attachment-colormag-featured-image size-colormag-featured-image\" alt=\"\" srcset=\"http:\/\/biblioteka2.powiatlubaczowski.pl\/wp-content\/uploads\/2021\/07\/8b.jpg 2048w, http:\/\/biblioteka2.powiatlubaczowski.pl\/wp-content\/uploads\/2021\/07\/8b-1024x768.jpg 1024w, http:\/\/biblioteka2.powiatlubaczowski.pl\/wp-content\/uploads\/2021\/07\/8b-768x576.jpg 768w, http:\/\/biblioteka2.powiatlubaczowski.pl\/wp-content\/uploads\/2021\/07\/8b-1536x1152.jpg 1536w\" sizes=\"auto, (max-width: 593px) 100vw, 593px\" \/><\/a>\n\t\t\t<\/div><\/figure><figure class='gallery-item'>\n\t\t\t<div class='gallery-icon portrait'>\n\t\t\t\t<a href='http:\/\/biblioteka2.powiatlubaczowski.pl\/wp-content\/uploads\/2021\/07\/8c.jpg'><img loading=\"lazy\" decoding=\"async\" width=\"334\" height=\"445\" src=\"http:\/\/biblioteka2.powiatlubaczowski.pl\/wp-content\/uploads\/2021\/07\/8c.jpg\" class=\"attachment-colormag-featured-image size-colormag-featured-image\" alt=\"\" srcset=\"http:\/\/biblioteka2.powiatlubaczowski.pl\/wp-content\/uploads\/2021\/07\/8c.jpg 1536w, http:\/\/biblioteka2.powiatlubaczowski.pl\/wp-content\/uploads\/2021\/07\/8c-768x1024.jpg 768w, http:\/\/biblioteka2.powiatlubaczowski.pl\/wp-content\/uploads\/2021\/07\/8c-1152x1536.jpg 1152w\" sizes=\"auto, (max-width: 334px) 100vw, 334px\" \/><\/a>\n\t\t\t<\/div><\/figure><figure class='gallery-item'>\n\t\t\t<div class='gallery-icon portrait'>\n\t\t\t\t<a href='http:\/\/biblioteka2.powiatlubaczowski.pl\/wp-content\/uploads\/2021\/07\/8d.jpg'><img loading=\"lazy\" decoding=\"async\" width=\"334\" height=\"445\" src=\"http:\/\/biblioteka2.powiatlubaczowski.pl\/wp-content\/uploads\/2021\/07\/8d.jpg\" class=\"attachment-colormag-featured-image size-colormag-featured-image\" alt=\"\" srcset=\"http:\/\/biblioteka2.powiatlubaczowski.pl\/wp-content\/uploads\/2021\/07\/8d.jpg 1536w, http:\/\/biblioteka2.powiatlubaczowski.pl\/wp-content\/uploads\/2021\/07\/8d-768x1024.jpg 768w, http:\/\/biblioteka2.powiatlubaczowski.pl\/wp-content\/uploads\/2021\/07\/8d-1152x1536.jpg 1152w\" sizes=\"auto, (max-width: 334px) 100vw, 334px\" \/><\/a>\n\t\t\t<\/div><\/figure><figure class='gallery-item'>\n\t\t\t<div class='gallery-icon portrait'>\n\t\t\t\t<a href='http:\/\/biblioteka2.powiatlubaczowski.pl\/wp-content\/uploads\/2021\/07\/8e.jpg'><img loading=\"lazy\" decoding=\"async\" width=\"334\" height=\"445\" src=\"http:\/\/biblioteka2.powiatlubaczowski.pl\/wp-content\/uploads\/2021\/07\/8e.jpg\" class=\"attachment-colormag-featured-image size-colormag-featured-image\" alt=\"\" srcset=\"http:\/\/biblioteka2.powiatlubaczowski.pl\/wp-content\/uploads\/2021\/07\/8e.jpg 1536w, http:\/\/biblioteka2.powiatlubaczowski.pl\/wp-content\/uploads\/2021\/07\/8e-768x1024.jpg 768w, http:\/\/biblioteka2.powiatlubaczowski.pl\/wp-content\/uploads\/2021\/07\/8e-1152x1536.jpg 1152w\" sizes=\"auto, (max-width: 334px) 100vw, 334px\" \/><\/a>\n\t\t\t<\/div><\/figure><figure class='gallery-item'>\n\t\t\t<div class='gallery-icon portrait'>\n\t\t\t\t<a href='http:\/\/biblioteka2.powiatlubaczowski.pl\/wp-content\/uploads\/2021\/07\/8f.jpg'><img loading=\"lazy\" decoding=\"async\" width=\"334\" height=\"445\" src=\"http:\/\/biblioteka2.powiatlubaczowski.pl\/wp-content\/uploads\/2021\/07\/8f.jpg\" class=\"attachment-colormag-featured-image size-colormag-featured-image\" alt=\"\" srcset=\"http:\/\/biblioteka2.powiatlubaczowski.pl\/wp-content\/uploads\/2021\/07\/8f.jpg 1536w, http:\/\/biblioteka2.powiatlubaczowski.pl\/wp-content\/uploads\/2021\/07\/8f-768x1024.jpg 768w, http:\/\/biblioteka2.powiatlubaczowski.pl\/wp-content\/uploads\/2021\/07\/8f-1152x1536.jpg 1152w\" sizes=\"auto, (max-width: 334px) 100vw, 334px\" \/><\/a>\n\t\t\t<\/div><\/figure><figure class='gallery-item'>\n\t\t\t<div class='gallery-icon portrait'>\n\t\t\t\t<a href='http:\/\/biblioteka2.powiatlubaczowski.pl\/wp-content\/uploads\/2021\/07\/8g.jpg'><img loading=\"lazy\" decoding=\"async\" width=\"334\" height=\"445\" src=\"http:\/\/biblioteka2.powiatlubaczowski.pl\/wp-content\/uploads\/2021\/07\/8g.jpg\" class=\"attachment-colormag-featured-image size-colormag-featured-image\" alt=\"\" srcset=\"http:\/\/biblioteka2.powiatlubaczowski.pl\/wp-content\/uploads\/2021\/07\/8g.jpg 1536w, http:\/\/biblioteka2.powiatlubaczowski.pl\/wp-content\/uploads\/2021\/07\/8g-768x1024.jpg 768w, http:\/\/biblioteka2.powiatlubaczowski.pl\/wp-content\/uploads\/2021\/07\/8g-1152x1536.jpg 1152w\" sizes=\"auto, (max-width: 334px) 100vw, 334px\" \/><\/a>\n\t\t\t<\/div><\/figure><figure class='gallery-item'>\n\t\t\t<div class='gallery-icon portrait'>\n\t\t\t\t<a href='http:\/\/biblioteka2.powiatlubaczowski.pl\/wp-content\/uploads\/2021\/07\/8h.jpg'><img loading=\"lazy\" decoding=\"async\" width=\"334\" height=\"445\" src=\"http:\/\/biblioteka2.powiatlubaczowski.pl\/wp-content\/uploads\/2021\/07\/8h.jpg\" class=\"attachment-colormag-featured-image size-colormag-featured-image\" alt=\"\" srcset=\"http:\/\/biblioteka2.powiatlubaczowski.pl\/wp-content\/uploads\/2021\/07\/8h.jpg 1536w, http:\/\/biblioteka2.powiatlubaczowski.pl\/wp-content\/uploads\/2021\/07\/8h-768x1024.jpg 768w, http:\/\/biblioteka2.powiatlubaczowski.pl\/wp-content\/uploads\/2021\/07\/8h-1152x1536.jpg 1152w\" sizes=\"auto, (max-width: 334px) 100vw, 334px\" \/><\/a>\n\t\t\t<\/div><\/figure><figure class='gallery-item'>\n\t\t\t<div class='gallery-icon portrait'>\n\t\t\t\t<a href='http:\/\/biblioteka2.powiatlubaczowski.pl\/wp-content\/uploads\/2021\/07\/9a.jpg'><img loading=\"lazy\" decoding=\"async\" width=\"372\" height=\"445\" src=\"http:\/\/biblioteka2.powiatlubaczowski.pl\/wp-content\/uploads\/2021\/07\/9a.jpg\" class=\"attachment-colormag-featured-image size-colormag-featured-image\" alt=\"\" srcset=\"http:\/\/biblioteka2.powiatlubaczowski.pl\/wp-content\/uploads\/2021\/07\/9a.jpg 1711w, http:\/\/biblioteka2.powiatlubaczowski.pl\/wp-content\/uploads\/2021\/07\/9a-856x1024.jpg 856w, http:\/\/biblioteka2.powiatlubaczowski.pl\/wp-content\/uploads\/2021\/07\/9a-768x919.jpg 768w, http:\/\/biblioteka2.powiatlubaczowski.pl\/wp-content\/uploads\/2021\/07\/9a-1283x1536.jpg 1283w\" sizes=\"auto, (max-width: 372px) 100vw, 372px\" \/><\/a>\n\t\t\t<\/div><\/figure><figure class='gallery-item'>\n\t\t\t<div class='gallery-icon landscape'>\n\t\t\t\t<a href='http:\/\/biblioteka2.powiatlubaczowski.pl\/wp-content\/uploads\/2021\/07\/9b.jpg'><img loading=\"lazy\" decoding=\"async\" width=\"755\" height=\"445\" src=\"http:\/\/biblioteka2.powiatlubaczowski.pl\/wp-content\/uploads\/2021\/07\/9b.jpg\" class=\"attachment-colormag-featured-image size-colormag-featured-image\" alt=\"\" srcset=\"http:\/\/biblioteka2.powiatlubaczowski.pl\/wp-content\/uploads\/2021\/07\/9b.jpg 1640w, http:\/\/biblioteka2.powiatlubaczowski.pl\/wp-content\/uploads\/2021\/07\/9b-1024x604.jpg 1024w, http:\/\/biblioteka2.powiatlubaczowski.pl\/wp-content\/uploads\/2021\/07\/9b-768x453.jpg 768w, http:\/\/biblioteka2.powiatlubaczowski.pl\/wp-content\/uploads\/2021\/07\/9b-1536x906.jpg 1536w\" sizes=\"auto, (max-width: 755px) 100vw, 755px\" \/><\/a>\n\t\t\t<\/div><\/figure><figure class='gallery-item'>\n\t\t\t<div class='gallery-icon portrait'>\n\t\t\t\t<a href='http:\/\/biblioteka2.powiatlubaczowski.pl\/wp-content\/uploads\/2021\/07\/9c.jpg'><img loading=\"lazy\" decoding=\"async\" width=\"252\" height=\"445\" src=\"http:\/\/biblioteka2.powiatlubaczowski.pl\/wp-content\/uploads\/2021\/07\/9c.jpg\" class=\"attachment-colormag-featured-image size-colormag-featured-image\" alt=\"\" srcset=\"http:\/\/biblioteka2.powiatlubaczowski.pl\/wp-content\/uploads\/2021\/07\/9c.jpg 1158w, http:\/\/biblioteka2.powiatlubaczowski.pl\/wp-content\/uploads\/2021\/07\/9c-579x1024.jpg 579w, http:\/\/biblioteka2.powiatlubaczowski.pl\/wp-content\/uploads\/2021\/07\/9c-768x1358.jpg 768w, http:\/\/biblioteka2.powiatlubaczowski.pl\/wp-content\/uploads\/2021\/07\/9c-869x1536.jpg 869w\" sizes=\"auto, (max-width: 252px) 100vw, 252px\" \/><\/a>\n\t\t\t<\/div><\/figure><figure class='gallery-item'>\n\t\t\t<div class='gallery-icon portrait'>\n\t\t\t\t<a href='http:\/\/biblioteka2.powiatlubaczowski.pl\/wp-content\/uploads\/2021\/07\/9d.jpg'><img loading=\"lazy\" decoding=\"async\" width=\"390\" height=\"445\" src=\"http:\/\/biblioteka2.powiatlubaczowski.pl\/wp-content\/uploads\/2021\/07\/9d.jpg\" class=\"attachment-colormag-featured-image size-colormag-featured-image\" alt=\"\" srcset=\"http:\/\/biblioteka2.powiatlubaczowski.pl\/wp-content\/uploads\/2021\/07\/9d.jpg 1796w, http:\/\/biblioteka2.powiatlubaczowski.pl\/wp-content\/uploads\/2021\/07\/9d-898x1024.jpg 898w, http:\/\/biblioteka2.powiatlubaczowski.pl\/wp-content\/uploads\/2021\/07\/9d-768x876.jpg 768w, http:\/\/biblioteka2.powiatlubaczowski.pl\/wp-content\/uploads\/2021\/07\/9d-1347x1536.jpg 1347w\" sizes=\"auto, (max-width: 390px) 100vw, 390px\" \/><\/a>\n\t\t\t<\/div><\/figure><figure class='gallery-item'>\n\t\t\t<div class='gallery-icon landscape'>\n\t\t\t\t<a href='http:\/\/biblioteka2.powiatlubaczowski.pl\/wp-content\/uploads\/2021\/07\/9e.jpg'><img loading=\"lazy\" decoding=\"async\" width=\"661\" height=\"445\" src=\"http:\/\/biblioteka2.powiatlubaczowski.pl\/wp-content\/uploads\/2021\/07\/9e.jpg\" class=\"attachment-colormag-featured-image size-colormag-featured-image\" alt=\"\" srcset=\"http:\/\/biblioteka2.powiatlubaczowski.pl\/wp-content\/uploads\/2021\/07\/9e.jpg 1647w, http:\/\/biblioteka2.powiatlubaczowski.pl\/wp-content\/uploads\/2021\/07\/9e-1024x690.jpg 1024w, http:\/\/biblioteka2.powiatlubaczowski.pl\/wp-content\/uploads\/2021\/07\/9e-768x517.jpg 768w, http:\/\/biblioteka2.powiatlubaczowski.pl\/wp-content\/uploads\/2021\/07\/9e-1536x1034.jpg 1536w\" sizes=\"auto, (max-width: 661px) 100vw, 661px\" \/><\/a>\n\t\t\t<\/div><\/figure>\n\t\t<\/div>\n\n","protected":false},"excerpt":{"rendered":"<p>Wyczekane, upragnione, wype\u0142nione beztrosk\u0105 zabaw\u0105 i nowymi przyja\u017aniami wakacje to\u00a0niezwyk\u0142y czas, gdzie za\u00a0ka\u017cdym rogiem mog\u0105 czeka\u0107 na\u00a0nas fascynuj\u0105ce przygody. Lato<\/p>\n","protected":false},"author":3,"featured_media":1298,"comment_status":"closed","ping_status":"closed","sticky":false,"template":"","format":"standard","meta":{"footnotes":""},"categories":[1],"tags":[],"class_list":["post-1308","post","type-post","status-publish","format-standard","has-post-thumbnail","hentry","category-biblioteka"],"_links":{"self":[{"href":"http:\/\/biblioteka2.powiatlubaczowski.pl\/index.php\/wp-json\/wp\/v2\/posts\/1308","targetHints":{"allow":["GET"]}}],"collection":[{"href":"http:\/\/biblioteka2.powiatlubaczowski.pl\/index.php\/wp-json\/wp\/v2\/posts"}],"about":[{"href":"http:\/\/biblioteka2.powiatlubaczowski.pl\/index.php\/wp-json\/wp\/v2\/types\/post"}],"author":[{"embeddable":true,"href":"http:\/\/biblioteka2.powiatlubaczowski.pl\/index.php\/wp-json\/wp\/v2\/users\/3"}],"replies":[{"embeddable":true,"href":"http:\/\/biblioteka2.powiatlubaczowski.pl\/index.php\/wp-json\/wp\/v2\/comments?post=1308"}],"version-history":[{"count":11,"href":"http:\/\/biblioteka2.powiatlubaczowski.pl\/index.php\/wp-json\/wp\/v2\/posts\/1308\/revisions"}],"predecessor-version":[{"id":1321,"href":"http:\/\/biblioteka2.powiatlubaczowski.pl\/index.php\/wp-json\/wp\/v2\/posts\/1308\/revisions\/1321"}],"wp:featuredmedia":[{"embeddable":true,"href":"http:\/\/biblioteka2.powiatlubaczowski.pl\/index.php\/wp-json\/wp\/v2\/media\/1298"}],"wp:attachment":[{"href":"http:\/\/biblioteka2.powiatlubaczowski.pl\/index.php\/wp-json\/wp\/v2\/media?parent=1308"}],"wp:term":[{"taxonomy":"category","embeddable":true,"href":"http:\/\/biblioteka2.powiatlubaczowski.pl\/index.php\/wp-json\/wp\/v2\/categories?post=1308"},{"taxonomy":"post_tag","embeddable":true,"href":"http:\/\/biblioteka2.powiatlubaczowski.pl\/index.php\/wp-json\/wp\/v2\/tags?post=1308"}],"curies":[{"name":"wp","href":"https:\/\/api.w.org\/{rel}","templated":true}]}}