{"id":1043,"date":"2021-04-22T09:31:56","date_gmt":"2021-04-22T07:31:56","guid":{"rendered":"http:\/\/biblioteka2.powiatlubaczowski.pl\/?p=1043"},"modified":"2021-04-22T09:31:57","modified_gmt":"2021-04-22T07:31:57","slug":"mala-ksiazka-wielki-czlowiek","status":"publish","type":"post","link":"http:\/\/biblioteka2.powiatlubaczowski.pl\/index.php\/2021\/04\/22\/mala-ksiazka-wielki-czlowiek\/","title":{"rendered":"Ma\u0142a Ksi\u0105\u017cka Wielki Cz\u0142owiek"},"content":{"rendered":"\n<p class=\"wp-block-paragraph\">Przypominamy, \u017ce nasza biblioteka uczestniczy w og\u00f3lnopolskiej akcji \u201eMa\u0142a ksi\u0105\u017cka Wielki Cz\u0142owiek\u201d.Program skierowany jest dla dzieci w wieku przedszkolnym i do ich rodzic\u00f3w.Ka\u017cde dziecko w wieku 3-6 lat, kt\u00f3re przyjdzie do naszej biblioteki, otrzyma w prezencie wyj\u0105tkow\u0105 Wyprawk\u0119 Czytelnicz\u0105 na dobry czytelniczy start.W Wyprawce dzieci znajd\u0105 wyj\u0105tkow\u0105 ksi\u0105\u017ck\u0119, dostosowan\u0105 pod wzgl\u0119dem formy i tre\u015bci do potrzeb przedszkolaka i spe\u0142niaj\u0105c\u0105 najwy\u017csze standardy w projektowaniu pi\u0119knych i m\u0105drych ksi\u0105\u017cek dla najm\u0142odszych, a tak\u017ce Kart\u0119 Ma\u0142ego Czytelnika.Za ka\u017cd\u0105 wizyt\u0119 w bibliotece, zako\u0144czon\u0105 wypo\u017cyczeniem minimum jednej ksi\u0105\u017cki z ksi\u0119gozbioru dzieci\u0119cego, Ma\u0142y Czytelnik otrzyma naklejk\u0119, a po zebraniu dziesi\u0119ciu zostanie uhonorowany imiennym dyplomem potwierdzaj\u0105cym jego czytelnicze zainteresowania.Akcja obejmuje wszystkie przedszkolaki z powiatu lubaczowskiego.W\u015br\u00f3d dzieci, kt\u00f3re zdob\u0119d\u0105 dyplom Ma\u0142ego Czytelnika rozlosujemy nagrody ksi\u0105\u017ckowe.Wi\u0119cej o akcji na stronie:\u00a0<a rel=\"noreferrer noopener\" href=\"http:\/\/wielki-czlowiek.pl\/?fbclid=IwAR0ecgk_0iQ1lBKbEy_xaQgJAGj5SV8A_Ni3wzX5umS0AsC1RCCWUtBcKzc\" target=\"_blank\">http:\/\/wielki-czlowiek.pl\/<\/a><\/p>\n\n\n\n<div class=\"wp-block-image\"><figure class=\"aligncenter size-large is-resized\"><img loading=\"lazy\" decoding=\"async\" src=\"http:\/\/biblioteka2.powiatlubaczowski.pl\/wp-content\/uploads\/2021\/04\/Niebieski-Nalesnik-Jedzenie-Otwarcie-Wpis-na-Facebook-1.jpg\" alt=\"\" class=\"wp-image-1041\" width=\"531\" height=\"445\" srcset=\"http:\/\/biblioteka2.powiatlubaczowski.pl\/wp-content\/uploads\/2021\/04\/Niebieski-Nalesnik-Jedzenie-Otwarcie-Wpis-na-Facebook-1.jpg 940w, http:\/\/biblioteka2.powiatlubaczowski.pl\/wp-content\/uploads\/2021\/04\/Niebieski-Nalesnik-Jedzenie-Otwarcie-Wpis-na-Facebook-1-300x251.jpg 300w, http:\/\/biblioteka2.powiatlubaczowski.pl\/wp-content\/uploads\/2021\/04\/Niebieski-Nalesnik-Jedzenie-Otwarcie-Wpis-na-Facebook-1-768x644.jpg 768w\" sizes=\"auto, (max-width: 531px) 100vw, 531px\" \/><\/figure><\/div>\n","protected":false},"excerpt":{"rendered":"<p>Przypominamy, \u017ce nasza biblioteka uczestniczy w og\u00f3lnopolskiej akcji \u201eMa\u0142a ksi\u0105\u017cka Wielki Cz\u0142owiek\u201d.Program skierowany jest dla dzieci w wieku przedszkolnym i<\/p>\n","protected":false},"author":3,"featured_media":1038,"comment_status":"closed","ping_status":"closed","sticky":false,"template":"","format":"standard","meta":{"footnotes":""},"categories":[1],"tags":[],"class_list":["post-1043","post","type-post","status-publish","format-standard","has-post-thumbnail","hentry","category-biblioteka"],"_links":{"self":[{"href":"http:\/\/biblioteka2.powiatlubaczowski.pl\/index.php\/wp-json\/wp\/v2\/posts\/1043","targetHints":{"allow":["GET"]}}],"collection":[{"href":"http:\/\/biblioteka2.powiatlubaczowski.pl\/index.php\/wp-json\/wp\/v2\/posts"}],"about":[{"href":"http:\/\/biblioteka2.powiatlubaczowski.pl\/index.php\/wp-json\/wp\/v2\/types\/post"}],"author":[{"embeddable":true,"href":"http:\/\/biblioteka2.powiatlubaczowski.pl\/index.php\/wp-json\/wp\/v2\/users\/3"}],"replies":[{"embeddable":true,"href":"http:\/\/biblioteka2.powiatlubaczowski.pl\/index.php\/wp-json\/wp\/v2\/comments?post=1043"}],"version-history":[{"count":1,"href":"http:\/\/biblioteka2.powiatlubaczowski.pl\/index.php\/wp-json\/wp\/v2\/posts\/1043\/revisions"}],"predecessor-version":[{"id":1044,"href":"http:\/\/biblioteka2.powiatlubaczowski.pl\/index.php\/wp-json\/wp\/v2\/posts\/1043\/revisions\/1044"}],"wp:featuredmedia":[{"embeddable":true,"href":"http:\/\/biblioteka2.powiatlubaczowski.pl\/index.php\/wp-json\/wp\/v2\/media\/1038"}],"wp:attachment":[{"href":"http:\/\/biblioteka2.powiatlubaczowski.pl\/index.php\/wp-json\/wp\/v2\/media?parent=1043"}],"wp:term":[{"taxonomy":"category","embeddable":true,"href":"http:\/\/biblioteka2.powiatlubaczowski.pl\/index.php\/wp-json\/wp\/v2\/categories?post=1043"},{"taxonomy":"post_tag","embeddable":true,"href":"http:\/\/biblioteka2.powiatlubaczowski.pl\/index.php\/wp-json\/wp\/v2\/tags?post=1043"}],"curies":[{"name":"wp","href":"https:\/\/api.w.org\/{rel}","templated":true}]}}